{"id":973,"date":"2022-06-17T06:20:34","date_gmt":"2022-06-17T04:20:34","guid":{"rendered":"https:\/\/www.empreinte.re\/?p=973"},"modified":"2023-06-15T06:37:19","modified_gmt":"2023-06-15T04:37:19","slug":"college-prive-levavasseur-2","status":"publish","type":"post","link":"https:\/\/www.empreinte.re\/index.php\/2022\/06\/17\/college-prive-levavasseur-2\/","title":{"rendered":"Coll\u00e8ge priv\u00e9 Levavasseur"},"content":{"rendered":"[vc_row][vc_column][wr_vc_section_image animate=&#8221;yes&#8221; image=&#8221;979&#8243; link_url=&#8221;https:\/\/www.empreinte.re\/index.php\/portfolio\/college-levavasseur\/&#8221;][vc_empty_space height=&#8221;30px&#8221;][wr_vc_section_heading featyretype=&#8221;st2&#8243; title=&#8221;Coll\u00e8ge priv\u00e9 Levavasseur&#8221;][\/wr_vc_section_heading][vc_column_text]<strong>Un besoin grandissant de nombre de places en coll\u00e8ge se faisant sentir sur Sainte-Marie, la construction d\u2019un coll\u00e8ge de 450 \u00e9l\u00e8ves avec une possibilit\u00e9 d\u2019\u00e9volution \u00e9tait indispensable dans la Zac Beaus\u00e9jour. Le futur coll\u00e8ge dont la premi\u00e8re pierre a \u00e9t\u00e9 pos\u00e9e le mercredi 15 juin 2022, accueillera ses premiers \u00e9l\u00e8ves \u00e0 la rentr\u00e9e d\u2019ao\u00fbt 2023.<\/strong><\/p>\n<p>Le conseil g\u00e9n\u00e9ral, propri\u00e9taire d\u2019un terrain voisin de la future cit\u00e9 administrative de Sainte-Marie, l\u2019a mis \u00e0 disposition de l\u2019Ogec Levavasseur, au travers d\u2019un bail emphyt\u00e9otique. L\u2019Ogec a confi\u00e9 la r\u00e9alisation du coll\u00e8ge \u00e0 Ocidim, promoteur, qui a mis en place une \u00e9quipe de conception-r\u00e9alisation form\u00e9e de Jane Coulon, architecte, du cabinet Empreinte, de SBTPC \u2013 Sogea R\u00e9union, Entreprise G\u00e9n\u00e9rale, et des bureaux d\u2019\u00e9tudes Int\u00e9grale et Setec International. Un processus qui a permis la conception de ce projet en quelques mois. Le permis de construire ayant \u00e9t\u00e9 d\u00e9livr\u00e9 dans la foul\u00e9e par la mairie de Sainte-Marie.<\/p>\n<p>Le coll\u00e8ge sera connect\u00e9 directement sur le TCSP, avenue du Beau Pays d\u2019un c\u00f4t\u00e9 et sur la rue Anne-Mousse avec un d\u00e9pose-minute dans l\u2019enceinte du terrain, fluidifiant ainsi la circulation dans cette zone.<\/p>\n<div><\/div>\n<div>\n<p>Il se d\u00e9compose en trois secteurs :<\/p>\n<p>\u00b7 le b\u00e2timent d\u2019enseignement proprement dit avec 12 salles de classe auxquelles s\u2019ajoute une salle d\u2019inclusion, une salle de musique, une salle d\u2019art et trois salles de TP.<\/p>\n<p>\u00b7 le b\u00e2timent administratif avec tous les services et salle des professeurs,<\/p>\n<p>\u00b7 le b\u00e2timent des services : restauration, CDI, permanence et gymnase.<\/p>\n<p>La surface totale construite est de 2 970 m\u00b2 sur un terrain de plus de 10 000 m\u00b2, laissant ainsi beaucoup d\u2019espace vert non min\u00e9ralis\u00e9.<\/p>\n<p>Cet \u00e9tablissement a \u00e9t\u00e9 con\u00e7u avec, en fil conducteur, la recherche permanente pour limiter son empreinte carbone : ventilation naturelle des locaux et luminosit\u00e9 int\u00e9rieure tout en se pr\u00e9servant des rayonnements directs du soleil.<\/p>\n<p>Un jardin int\u00e9rieur arbor\u00e9 prot\u00e9g\u00e9 des aliz\u00e9s a \u00e9t\u00e9 con\u00e7u comme une place d\u2019\u00e9change et de d\u00e9contraction. Les essences d\u2019arbres s\u00e9lectionn\u00e9es rappelleront le jardin \u00e0 la cr\u00e9ole et apporteront de la fra\u00eecheur dans les salles de cours.<\/p>\n<p>L\u2019abaissement de la temp\u00e9rature dans tous les locaux sera obtenu par une architecture traversante, une orientation favorisant le flux d\u2019air tout en pr\u00e9servant les effets de bourrasque, des d\u00e9bords de toiture du c\u00f4t\u00e9 du soleil, des garde-corps faisant brise soleil et des circulations plus larges. Pour le b\u00e2timent administratif, une double fa\u00e7ade en t\u00f4le perfor\u00e9e fera office de brise-soleil tout en conservant suffisamment de lumi\u00e8re pour minimiser l\u2019utilisation des \u00e9clairages d\u2019appoint.<\/p>\n<p>Un gymnase est associ\u00e9 \u00e0 un plateau sportif ext\u00e9rieur et un pr\u00e9au.<\/p>\n<p>Le futur coll\u00e8ge dont la premi\u00e8re pierre a \u00e9t\u00e9 pos\u00e9e le mercredi 15 juin 2022, accueillera ses premiers \u00e9l\u00e8ves \u00e0 la rentr\u00e9e d\u2019ao\u00fbt 2023.<\/p>\n<\/div>\n[\/vc_column_text][\/vc_column][\/vc_row][vc_row][vc_column][wr_vc_section_button title=&#8221;L&#8217;Article&#8221; link_url=&#8221;https:\/\/www.lequotidien.re\/actualites\/education\/sainte-marie-le-college-prive-levavasseur-sort-de-terre-a-beausejour\/&#8221; float=&#8221;float-center&#8221;][\/vc_column][\/vc_row]\n","protected":false},"excerpt":{"rendered":"<p>[vc_row][vc_column][wr_vc_section_image animate=&#8221;yes&#8221; image=&#8221;979&#8243; link_url=&#8221;https:\/\/www.empreinte.re\/index.php\/portfolio\/college-levavasseur\/&#8221;][vc_empty_space height=&#8221;30px&#8221;][wr_vc_section_heading featyretype=&#8221;st2&#8243; title=&#8221;Coll\u00e8ge priv\u00e9 Levavasseur&#8221;][\/wr_vc_section_heading][vc_column_text]Un besoin grandissant de nombre de places en coll\u00e8ge se faisant sentir sur Sainte-Marie, la construction d\u2019un coll\u00e8ge de 450 \u00e9l\u00e8ves avec une possibilit\u00e9 d\u2019\u00e9volution \u00e9tait indispensable dans la Zac Beaus\u00e9jour. Le futur coll\u00e8ge dont la premi\u00e8re pierre a \u00e9t\u00e9 pos\u00e9e le mercredi 15 juin 2022, accueillera ses premiers \u00e9l\u00e8ves \u00e0 la&#8230;<\/p>\n","protected":false},"author":1,"featured_media":979,"comment_status":"closed","ping_status":"open","sticky":false,"template":"","format":"standard","meta":{"_monsterinsights_skip_tracking":false,"_monsterinsights_sitenote_active":false,"_monsterinsights_sitenote_note":"","_monsterinsights_sitenote_category":0,"footnotes":"","_links_to":"","_links_to_target":""},"categories":[2],"tags":[8],"class_list":["post-973","post","type-post","status-publish","format-standard","has-post-thumbnail","hentry","category-architecture","tag-architecture"],"aioseo_notices":[],"_links":{"self":[{"href":"https:\/\/www.empreinte.re\/index.php\/wp-json\/wp\/v2\/posts\/973","targetHints":{"allow":["GET"]}}],"collection":[{"href":"https:\/\/www.empreinte.re\/index.php\/wp-json\/wp\/v2\/posts"}],"about":[{"href":"https:\/\/www.empreinte.re\/index.php\/wp-json\/wp\/v2\/types\/post"}],"author":[{"embeddable":true,"href":"https:\/\/www.empreinte.re\/index.php\/wp-json\/wp\/v2\/users\/1"}],"replies":[{"embeddable":true,"href":"https:\/\/www.empreinte.re\/index.php\/wp-json\/wp\/v2\/comments?post=973"}],"version-history":[{"count":5,"href":"https:\/\/www.empreinte.re\/index.php\/wp-json\/wp\/v2\/posts\/973\/revisions"}],"predecessor-version":[{"id":980,"href":"https:\/\/www.empreinte.re\/index.php\/wp-json\/wp\/v2\/posts\/973\/revisions\/980"}],"wp:featuredmedia":[{"embeddable":true,"href":"https:\/\/www.empreinte.re\/index.php\/wp-json\/wp\/v2\/media\/979"}],"wp:attachment":[{"href":"https:\/\/www.empreinte.re\/index.php\/wp-json\/wp\/v2\/media?parent=973"}],"wp:term":[{"taxonomy":"category","embeddable":true,"href":"https:\/\/www.empreinte.re\/index.php\/wp-json\/wp\/v2\/categories?post=973"},{"taxonomy":"post_tag","embeddable":true,"href":"https:\/\/www.empreinte.re\/index.php\/wp-json\/wp\/v2\/tags?post=973"}],"curies":[{"name":"wp","href":"https:\/\/api.w.org\/{rel}","templated":true}]}}