{"id":780,"date":"2005-03-29T12:13:29","date_gmt":"2005-03-29T10:13:29","guid":{"rendered":"https:\/\/www.empreinte.re\/?p=780"},"modified":"2022-08-23T12:43:42","modified_gmt":"2022-08-23T10:43:42","slug":"jane-coulon-fille-de-la-cite-radieuse-2","status":"publish","type":"post","link":"https:\/\/www.empreinte.re\/index.php\/2005\/03\/29\/jane-coulon-fille-de-la-cite-radieuse-2\/","title":{"rendered":"L\u2019architecture tropicale, c\u2019est aussi dans les Hauts"},"content":{"rendered":"[vc_row][vc_column][wr_vc_section_image animate=&#8221;yes&#8221; image=&#8221;786&#8243; link_url=&#8221;http:\/\/www.archi.re\/larchitecture-tropicale-cest-aussi-dans-les-hauts\/&#8221;][vc_empty_space height=&#8221;30px&#8221;][wr_vc_section_heading featyretype=&#8221;st2&#8243; title=&#8221;L\u2019architecture tropicale, c\u2019est aussi dans les Hauts&#8221;][\/wr_vc_section_heading][vc_column_text]\n<p class=\"entry-title title flipboard-title\"><strong>L\u2019architecture tropicale, c\u2019est aussi dans\u00a0les\u00a0Hauts<\/strong><\/p>\n<p>A l\u2019invitation de l\u2019\u00e9cole d\u2019architecture de La R\u00e9union, une cinquantaine d\u2019\u00e9tudiants r\u00e9unionnais, indiens, australiens et sud-africains ont pos\u00e9 leurs crayons \u00e0 Cilaos pour r\u00e9fl\u00e9chir \u00e0 un h\u00e9bergement insolite pour les Hauts. Une semaine qui s\u2019est termin\u00e9e par un Symposium sur l\u2019habitat tropical dans les Hauts o\u00f9 les diff\u00e9rents acteurs ont d\u00e9battu des nombreux probl\u00e8mes qui parasitent les projets d\u2019habitats collectifs.<\/p>\n<p>L\u2019architecture tropicale, ce n\u2019est pas que dans les Bas\u2026 Une v\u00e9rit\u00e9 qu\u2019il est bon de rappeler de temps en temps et qui a amen\u00e9e l\u2019\u00e9cole d\u2019architecture du Port \u00e0 regarder en haut et se transporter pendant une petite semaine du 26 f\u00e9vrier au 5 mars \u00e0 Cilaos avec ses \u00e9tudiants et leurs cousins Australiens, Sud-africains et Indiens. Une cohorte d\u2019une cinquantaine de futurs architectes et ing\u00e9nieurs accueillie avec bonheur par le maire Paul T\u00e9cher qui a tenu \u00e0 rappeler que Cilaos se m\u00e9ritait, entre les 300 virages et les \u00e9boulis fr\u00e9quents sur la RN5.<\/p>\n<p><em><strong>&#8220;Imaginer un h\u00e9bergement insolite&#8221;<\/strong><\/em><\/p>\n<p>Avec l\u2019appui de la DAC-OI, l\u2019\u00e9cole d\u2019architecture de La R\u00e9union avait non seulement invit\u00e9 des \u00e9l\u00e8ves ing\u00e9nieurs de l\u2019ESIROI mais aussi des \u00e9tudiants et professeurs des \u00e9coles d\u2019architectures du r\u00e9seau IONAS dont La R\u00e9union fait partie: la facult\u00e9 d\u2019architecture de Sydney, le coll\u00e8ge d\u2019architecture de Chandigarh et l\u2019\u00e9cole d\u2019architecture du Cap. Quatre nationalit\u00e9s r\u00e9unies pendant une petite semaine autour d\u2019une question: imaginer un h\u00e9bergement touristique insolite pour les Hauts. Le but \u00e9tant de faire d\u00e9couvrir aux \u00e9tudiants l\u2019architecture tropicale des Hauts, avec les contraintes climatiques qui lui sont propres.<\/p>\n<p><em><strong>&#8220;Une maquette grandeur nature&#8221;<\/strong><\/em><\/p>\n<p>Il ne s\u2019agissait pas seulement de brainstorming, ni de jeter le crayon sur les croquis mais bien aussi de mettre la main \u00e0 la p\u00e2te avec la fabrication d\u2019une maquette grandeur nature\u2026Pour ce prototype \u00e0 l\u2019\u00e9chelle 1, tout le monde s\u2019y est mis, les uns d\u00e9bitant en tron\u00e7ons de 2,50m les sections de bambous, les jeunes ing\u00e9nieurs s\u2019assurant des meilleurs techniques d\u2019assemblage en tenant compte des ph\u00e9nom\u00e8nes m\u00e9caniques. L\u2019enseignante architecte Jane Coulon et son coll\u00e8gue Malek Dhabi, en pr\u00e9sentant le travail de tout le monde en ouverture du symposium sur l\u2019habitat tropical des Hauts le 4 mars dernier s\u2019avouait \u201ctr\u00e8s fi\u00e8re du travail\u201d des \u00e9tudiants et saluait \u201cune belle aventure humaine.\u201d<\/p>\n<p>Pour conclure la semaine, un symposium sur le m\u00eame th\u00e8me \u00e9tait organis\u00e9 toute la journ\u00e9e du vendredi 4 mars o\u00f9 de nombreux intervenants prendront la parole: le secr\u00e9taire g\u00e9n\u00e9ral des Hauts, le bureau de gestion des risques Socotec, l\u2019architecte Antoine Perrau mais aussi des repr\u00e9sentants de bailleurs sociaux.<\/p>\n<p>\u201cFaut-il rappeler que la R\u00e9union est le seul Dom qui poss\u00e8de des zones de froid habit\u00e9es ?\u201d expliquera en pr\u00e9ambule le secr\u00e9taire g\u00e9n\u00e9ral des Hauts. L\u2019intervention des diff\u00e9rents acteurs mettra en avant de nombreux probl\u00e8mes auxquels sont confront\u00e9s les diff\u00e9rentes op\u00e9rations de logements collectifs programm\u00e9s dans les Hauts: des probl\u00e9matiques d\u2019isolation, de ventilation et de chauffage souvent mal \u00e9valu\u00e9es, des r\u00e8glementations (RTADOM) et outils (PERENNE) mal adapt\u00e9s aux probl\u00e9matiques des Hauts, des enveloppes financi\u00e8res qui ne prennent pas en compte les sp\u00e9cificit\u00e9s constructives en altitude, des entreprises pas forc\u00e9ment bien form\u00e9es, une fili\u00e8re s\u00e8che quasi inexistante et des architectes pas toujours au fait des contraintes particuli\u00e8res qu\u2019imposent ces constructions. Les bailleurs \u00e9voqueront d\u2019ailleurs quelques op\u00e9rations catastrophiques qui ont n\u00e9cessit\u00e9 soit une d\u00e9molition, soit une r\u00e9habilitation quelques ann\u00e9es seulement apr\u00e8s leur livraison. Heureusement, il sera fait \u00e9tat \u00e9galement de quelques op\u00e9rations r\u00e9centes exemplaires\u2026 Histoire de montrer que l\u2019architecture tropicale peut aussi se d\u00e9cliner dans les Hauts\u2026<\/p>\n<p>Publi\u00e9 sur Archi.re le 29\/03\/2006[\/vc_column_text][\/vc_column][\/vc_row][vc_row][vc_column][wr_vc_section_button title=&#8221;&#8220;Le Fleur&#8220;&#8221; link_url=&#8221;http:\/\/www.archi.re\/wp-content\/uploads\/2016\/03\/annexe-2-LE-Fleur.pdf&#8221; float=&#8221;float-center&#8221;][\/vc_column][\/vc_row]\n","protected":false},"excerpt":{"rendered":"<p>[vc_row][vc_column][wr_vc_section_image animate=&#8221;yes&#8221; image=&#8221;786&#8243; link_url=&#8221;http:\/\/www.archi.re\/larchitecture-tropicale-cest-aussi-dans-les-hauts\/&#8221;][vc_empty_space height=&#8221;30px&#8221;][wr_vc_section_heading featyretype=&#8221;st2&#8243; title=&#8221;L\u2019architecture tropicale, c\u2019est aussi dans les Hauts&#8221;][\/wr_vc_section_heading][vc_column_text] L\u2019architecture tropicale, c\u2019est aussi dans\u00a0les\u00a0Hauts A l\u2019invitation de l\u2019\u00e9cole d\u2019architecture de La R\u00e9union, une cinquantaine d\u2019\u00e9tudiants r\u00e9unionnais, indiens, australiens et sud-africains ont pos\u00e9 leurs crayons \u00e0 Cilaos pour r\u00e9fl\u00e9chir \u00e0 un h\u00e9bergement insolite pour les Hauts. Une semaine qui s\u2019est termin\u00e9e par un Symposium sur l\u2019habitat tropical&#8230;<\/p>\n","protected":false},"author":1,"featured_media":786,"comment_status":"closed","ping_status":"open","sticky":false,"template":"","format":"standard","meta":{"_monsterinsights_skip_tracking":false,"_monsterinsights_sitenote_active":false,"_monsterinsights_sitenote_note":"","_monsterinsights_sitenote_category":0,"footnotes":"","_links_to":"","_links_to_target":""},"categories":[20],"tags":[8],"class_list":["post-780","post","type-post","status-publish","format-standard","has-post-thumbnail","hentry","category-jane-coulon","tag-architecture"],"aioseo_notices":[],"_links":{"self":[{"href":"https:\/\/www.empreinte.re\/index.php\/wp-json\/wp\/v2\/posts\/780","targetHints":{"allow":["GET"]}}],"collection":[{"href":"https:\/\/www.empreinte.re\/index.php\/wp-json\/wp\/v2\/posts"}],"about":[{"href":"https:\/\/www.empreinte.re\/index.php\/wp-json\/wp\/v2\/types\/post"}],"author":[{"embeddable":true,"href":"https:\/\/www.empreinte.re\/index.php\/wp-json\/wp\/v2\/users\/1"}],"replies":[{"embeddable":true,"href":"https:\/\/www.empreinte.re\/index.php\/wp-json\/wp\/v2\/comments?post=780"}],"version-history":[{"count":7,"href":"https:\/\/www.empreinte.re\/index.php\/wp-json\/wp\/v2\/posts\/780\/revisions"}],"predecessor-version":[{"id":789,"href":"https:\/\/www.empreinte.re\/index.php\/wp-json\/wp\/v2\/posts\/780\/revisions\/789"}],"wp:featuredmedia":[{"embeddable":true,"href":"https:\/\/www.empreinte.re\/index.php\/wp-json\/wp\/v2\/media\/786"}],"wp:attachment":[{"href":"https:\/\/www.empreinte.re\/index.php\/wp-json\/wp\/v2\/media?parent=780"}],"wp:term":[{"taxonomy":"category","embeddable":true,"href":"https:\/\/www.empreinte.re\/index.php\/wp-json\/wp\/v2\/categories?post=780"},{"taxonomy":"post_tag","embeddable":true,"href":"https:\/\/www.empreinte.re\/index.php\/wp-json\/wp\/v2\/tags?post=780"}],"curies":[{"name":"wp","href":"https:\/\/api.w.org\/{rel}","templated":true}]}}