{"id":775,"date":"2015-11-03T11:19:03","date_gmt":"2015-11-03T10:19:03","guid":{"rendered":"https:\/\/www.empreinte.re\/?p=775"},"modified":"2022-08-23T12:44:13","modified_gmt":"2022-08-23T10:44:13","slug":"jane-coulon-fille-de-la-cite-radieuse","status":"publish","type":"post","link":"https:\/\/www.empreinte.re\/index.php\/2015\/11\/03\/jane-coulon-fille-de-la-cite-radieuse\/","title":{"rendered":"Jane Coulon, fille de la Cit\u00e9 Radieuse"},"content":{"rendered":"[vc_row][vc_column][wr_vc_section_image animate=&#8221;yes&#8221; image=&#8221;776&#8243; link_url=&#8221;http:\/\/www.archi.re\/jane-coulon-fille-de-la-cite-radieuse\/&#8221;][vc_empty_space height=&#8221;30px&#8221;][wr_vc_section_heading featyretype=&#8221;st2&#8243; title=&#8221;Jane Coulon, fille de la Cit\u00e9 Radieuse&#8221;][\/wr_vc_section_heading][vc_column_text]<strong>Jane Coulon, fille de la Cit\u00e9 Radieuse<\/strong><\/p>\n<p>Architecte install\u00e9e \u00e0 La R\u00e9union depuis 2002, Jane Coulon se partage entre son agence \u00e0 Saint-Paul et l\u2019\u00e9cole d\u2019architecture o\u00f9 elle est ma\u00eetre assistante associ\u00e9e. Jane a la particularit\u00e9 d\u2019avoir pass\u00e9 toute son enfance dans un monument de l\u2019architecture, la Cit\u00e9 Radieuse de Le Corbusier \u00e0 Marseille.<\/p>\n<p><strong>Jane Coulon, on a tous dessin\u00e9 notre maison \u00e0 l\u2019\u00e9cole primaire mais quand voit vos premiers dessins, on se dit qu\u2019il n\u2019y a pas de hasard si vous \u00eates devenue architecte\u2026<br \/>\n<\/strong>Disons que ce n\u2019est pas la maison \u00e0 toitures \u00e0 pentes qu\u2019on a l\u2019habitude de voir sur les dessins d\u2019enfants. Il se trouve que je suis n\u00e9e dans l\u2019immeuble du Corbu \u00e0 Marseille (L\u2019unit\u00e9 d\u2019habitation de Marseille dessin\u00e9e par Le Corbusier, connue sous le nom de Cit\u00e9 Radieuse). J\u2019y ai v\u00e9cu jusqu\u2019\u00e0 14 ans. On a habit\u00e9 au 2e, au 5e, au 6e, au 7e et m\u00eame au premier \u00e9tage ! On a fait toutes les typologies de logements. Et j\u2019ai fait ma maternelle l\u00e0-bas\u2026Il y avait une petite \u00e9cole l\u00e0-haut qui \u00e9tait un endroit magique.<\/p>\n<p><strong>Magique ?<br \/>\n<\/strong>L\u2019\u00e9cole \u00e9tait au 8e \u00e9tage. De l\u00e0, il y avait une grande rampe qui montait jusqu\u2019\u00e0 la cour de r\u00e9cr\u00e9e sur le toit terrasse. On avait une vue sur tout Marseille, des jeux, un bel espace pour courir et r\u00eaver. Mais c\u2019est surtout l\u2019ambiance dans cet immeuble qui \u00e9tait magique.<\/p>\n<p><strong>Qui habitait la Cit\u00e9 Radieuse ?<br \/>\n<\/strong>Mes parents \u00e9taient des babas cool. Ma m\u00e8re \u00e9tait femme de m\u00e9nage et mon p\u00e8re \u00e9tait journaliste. Ils \u00e9taient du Nord, voulaient aller vivre dans le Sud. Ils avaient un vrai engagement soixante-huitard. Ma m\u00e8re \u00e9tait aussi un peu artiste, elle dessinait. Ils ne sont pas arriv\u00e9s ici par hasard. La sociologie, au Corbu, avait d\u00e9j\u00e0 chang\u00e9. Au d\u00e9part, c\u2019\u00e9tait du logement social mais en 1971 quand mes parents sont arriv\u00e9s, ce n\u2019\u00e9tait plus le cas. On y trouvait plut\u00f4t des gens de gauche, des professions culturelles ou artistiques ou des cathos ouverts et militants.<\/p>\n<p><strong>En quoi l\u2019architecture du lieu a influenc\u00e9 la vie de ceux qui y habitaient ?<br \/>\n<\/strong>Ce lieu \u00e9tait en phase avec leur d\u00e9sir de vivre, leur d\u00e9sir d\u2019habiter. Oui, cette archi \u00e9tait en phase avec les gens qui y vivaient, des gens tr\u00e8s ouverts. En tout cas, \u00e7a fonctionnait comme dans un village, avec ses rues, ses espaces publics. Nous les enfants, on \u00e9tait tout le temps les uns chez les autres. Le foutoir qu\u2019on mettait dans les couloirs, c\u2019\u00e9tait un terrain de jeu, une rue pour nous\u2026.J\u2019en parlais il n\u2019y a pas longtemps avec des bailleurs sociaux d\u2019ici qui me disaient : attention, il ne faut pas qu\u2019il y ait du bruit dans les couloirs ! \u00c7a me faisait un peu rire int\u00e9rieurement parce que je repensais au Corbu. Dans cet immeuble, les couloirs sont tr\u00e8s larges, le sol noir et les portes en couleurs. Nous, c\u2019\u00e9tait notre lieu de vie, on y faisait rouler nos v\u00e9los, les patins \u00e0 roulettes !<\/p>\n<p><strong>Tout a \u00e9t\u00e9 dit sur cet immeuble\u2026<br \/>\n<\/strong>Tout a \u00e9t\u00e9 dit sur cet immeuble\u2026ou presque. Ce qui est rarement signal\u00e9, c\u2019est que dans les cages d\u2019escaliers, aux niveaux interm\u00e9diaires, il y avait de tous petits locaux dans lesquels se situaient un club de cin\u00e9, une biblioth\u00e8que. Le club de cin\u00e9 faisait aussi des projections sur le toit. Il y avait une vie collective r\u00e9elle.<\/p>\n<p><strong>Un mot pour d\u00e9finir cette architecture ?<br \/>\n<\/strong>S\u2019il fallait la d\u00e9finir par un mot, je parlerais de g\u00e9n\u00e9rosit\u00e9. Ce que je retiens, c\u2019est la g\u00e9n\u00e9rosit\u00e9 de tous les espaces de transition\u2026ces espaces partag\u00e9s, ces grands escaliers\u2026le toit. Le toit-terrasse, c\u2019\u00e9tait quelque chose d\u2019incroyable. Il y avait du monde le week-end. On s\u2019y r\u00e9unissait, on y pique-niquait. L\u00e0-haut, il y avait des espaces de jeux, un atelier dans lequel on faisait de la peinture, des cours de modelage.<\/p>\n<p><strong>Vous y retournez de temps \u00e0 temps ?<br \/>\n<\/strong>Aujourd\u2019hui ? C\u2019est devenu un endroit ferm\u00e9, qu\u2019on visite comme un mus\u00e9e. Tu veux visiter le Corbu ? Et bien tu te fais d\u00e9j\u00e0 attraper par le gardien qui te demande: qu\u2019est-ce que tu veux ? Corbu, il doit se retourner dans sa tombe. N\u00e9anmoins, chaque fois que je reviens \u00e0 Marseille, j\u2019y vais. C\u2019est une grande \u00e9motion. Pas seulement parce que j\u2019y ai v\u00e9cu. C\u2019est quand m\u00eame de l\u2019archi qui a de l\u2019allure. Le Corbusier, il avait envie de construire pour l\u2019humain.<\/p>\n<p><strong>En marge des r\u00e9trospectives qui lui ont \u00e9t\u00e9 consacr\u00e9es l\u2019ann\u00e9e derni\u00e8re, il y a eu aussi des pol\u00e9miques sur les liens qu\u2019il a entretenu avec l\u2019extr\u00eame droite.<br \/>\n<\/strong>Pour ma part, je pense qu\u2019il \u00e9tait surtout opportuniste. Il se servait de la politique pour pouvoir r\u00e9aliser ses projets.<\/p>\n<p><strong>Cette architecture \u00ab\u00a0g\u00e9n\u00e9reuse\u00a0\u00bb, est-ce qu\u2019elle caract\u00e9rise aussi votre travail ?<br \/>\n<\/strong>Oui, du moins, j\u2019essaye. Pour moi, \u00e7a veut dire de dessiner en pensant que ce que j\u2019imagine r\u00e9ponde le plus possible aux attentes de celui qui va habiter. C\u2019est mettre son ego de c\u00f4t\u00e9. C\u2019est aussi se m\u00e9fier des modes. L\u2019archi, ce n\u2019est pas comme une fringue. Il faut imaginer que ce soit un peu intemporel.<\/p>\n<p><strong>Et vous y arrivez ?<br \/>\n<\/strong>On essaye p\u00e9niblement de construire une machine \u00e0 habiter, pour qu\u2019elle soit la plus g\u00e9n\u00e9reuse possible. Mais par rapport \u00e0 ce qu\u2019on nous demande aujourd\u2019hui en logement social, c\u2019est quasiment impossible. Logique programmatique, logique \u00e9conomique, logique r\u00e9glementaire\u2026 C\u2019est tr\u00e8s contraint. Le programme doit \u00eatre comme \u00e7a et pas autrement. Si t\u2019es pas dans les crit\u00e8res, c\u2019est mort\u2026 C\u2019est tr\u00e8s scl\u00e9rosant. L\u2019architecte n\u2019a plus la latitude de proposer et d\u00e9velopper des organisations de l\u2019espace diff\u00e9rentes. Parce qu\u2019on nous dit : une chambre, c\u2019est un volume minimum de tant, une surface minimum de tant\u2026 C\u2019est st\u00e9rile.<\/p>\n<p><strong>L\u2019impression quelquefois de se battre avec des moulins \u00e0 vent\u2026<br \/>\n<\/strong>Et pourtant, nous avons des choses \u00e0 dire et proposer aux ma\u00eetres d\u2019ouvrage. R\u00e9ussir \u00e0 dialoguer avec son client, \u00e7a veut dire avoir assez de conviction pour amener dans le projet des id\u00e9es fortes, parler de la place des d\u00e9placements humains, ne pas r\u00e9duire l\u2019architecture \u00e0 un seul groupe socioculturel\u2026 Par exemple, tu fais du logement social, et tu as une certaine \u00ab\u00a0image de\u00a0\u00bb, des clich\u00e9s\u2026 Je reprends Le Corbu, en 1956 c\u2019\u00e9tait du logement social, si on met en parall\u00e8le ce qu\u2019on a construit au Chaudron en 1960, il y a quand m\u00eame un gouffre. Je suis persuad\u00e9e qu\u2019il y a plein de choses \u00e0 faire en mati\u00e8re de logement social. Ce qui n\u00e9cessite pour l\u2019architecte \u00e0 la fois d\u2019avoir l\u2019oreille du ma\u00eetre d\u2019ouvrage mais aussi d\u2019\u00eatre dans une posture de g\u00e9n\u00e9rosit\u00e9, de ne jamais oublier qu\u2019il doit concevoir une architecture \u00e0 habiter, qu\u2019il doit avoir assez d\u2019humilit\u00e9 pour penser un projet appropriable par les autres.<\/p>\n<p><strong>Souvent, les probl\u00e9matiques soulev\u00e9es par les architectes sont des probl\u00e9matiques d\u2019urbanisme, est-ce que finalement, on n\u2019a pas plus besoin d\u2019urbanistes que d\u2019architectes ?<br \/>\n<\/strong>Probablement. \u00c7a a plus de sens pour un architecte de construire dans un projet urbanistique pens\u00e9 et coh\u00e9rent\u2026.Prenons la ville du Port qui a un vrai projet sur long terme. Il a \u00e9t\u00e9 d\u00e9cid\u00e9 d\u2019y construire tous les quartiers avec l\u2019obligation d\u2019avoir une \u00e9cole \u00e0 moins de 10 minutes \u00e0 pied de chez soi. Apr\u00e8s, on a dit : on fait une usine de compost et on vous le redonne. Puis, on a plant\u00e9 des essences adapt\u00e9es au climat\u2026 R\u00e9sultat : la ville a perdu 3 ou 4 degr\u00e9s sur 30 ans ! Mais ce genre de d\u00e9marche \u00e0 l\u2019\u00e9chelle de la ville reste rare \u00e0 La R\u00e9union.<\/p>\n<p><strong>\u00c7a a boug\u00e9 quand m\u00eame. Aujourd\u2019hui, il y a des plans d\u2019urbanisme plus \u00e9labor\u00e9s, on ne raisonne plus \u00e0 l\u2019\u00e9chelle du micro quartier mais au moins \u00e0 l\u2019\u00e9chelle de la Zac.<br \/>\n<\/strong>Et tu jettes dans la Zac tous les services dont tu as besoin. Mais il y a mieux \u00e0 faire.<\/p>\n<p><strong>C\u2019est \u00e0 dire ?<br \/>\n<\/strong>J\u2019essaie de faire de la recherche, \u00e7a parle d\u2019anthropologie, d\u2019architecture et d\u2019urbanisme. Mon combat, c\u2019est la ville r\u00e9siliente. Tirer b\u00e9n\u00e9fice de ses erreurs pour aider \u00e0 se reconstruire. Une ville, \u00e7a se construit par empilement. Pour continuer \u00e0 en \u00e9crire l\u2019histoire, il faut pouvoir tirer ce fil rouge, comprendre pourquoi et dans quels contextes ces diff\u00e9rentes couches constructives ont \u00e9t\u00e9 \u00e9difi\u00e9es. Et s\u2019en servir.<\/p>\n<p><strong>Dans la pratique de l\u2019architecture au quotidien, qu\u2019elles sont les difficult\u00e9s auxquelles vous \u00eates confront\u00e9e ?<br \/>\n<\/strong>En ce moment ? Premier d\u00e9fi : trouver des collaborateurs. Parce qu\u2019on a un m\u00e9tier ingrat ou nous faisons beaucoup d\u2019heures\u2026 Deuxi\u00e8me d\u00e9fi : essayer d\u2019avoir des projets qui arrivent au bout\u2026Combien de projets y compris avec des collectivit\u00e9s ne vont pas au bout\u2026. Ils sont tellement li\u00e9s \u00e0 une conjoncture politique et \u00e9conomique. Enfin, le d\u00e9fi, c\u2019est d\u2019essayer avec toutes les contraintes de programme, de finance, de d\u00e9lais, de faire quelque chose qui r\u00e9ponde aux besoins ! \u00c7a c\u2019est beaucoup.<\/p>\n<p><strong>Et le plaisir dans tout \u00e7a ?<br \/>\n<\/strong>\u00c7a, c\u2019est encore un autre d\u00e9fi : se faire plaisir, continuer \u00e0 aimer son m\u00e9tier. J\u2019adore mon m\u00e9tier. Mais bon, c\u2019est fatigant. Je regrette que les gens avec qui on travaille n\u2019aient pas plus de culture architecturale et urbaine. Quelquefois on parle dans le vide. On manque de lieux de culture sur l\u2019architecture. On ne se construit pas qu\u2019en se regardant le nombril. Il faudrait regarder ce qui se fait autour. Encore heureux que je sois aussi \u00e0 l\u2019\u00e9cole d\u2019architecture. \u00c7a me permet de continuer \u00e0 aimer mon boulot. C\u2019est ma bulle d\u2019air, j\u2019y ouvre le champ de la r\u00e9flexion. Et j\u2019ai la chance de faire quelques voyages d\u2019\u00e9tudes. \u00c7a nourrit.<\/p>\n<p><strong>Quel est votre r\u00f4le \u00e0 l\u2019\u00e9cole d\u2019architecture de La R\u00e9union ?<br \/>\n<\/strong>Je donne un cours sur les th\u00e9ories et doctrines de l\u2019architecture pour aider l\u2019\u00e9tudiant \u00e0 se construire une d\u00e9marche et une posture d\u2019architecte. J\u2019ai dispens\u00e9 aussi des cours sur le paysage, c\u2019est un champ qui m\u2019int\u00e9resse. Et plus g\u00e9n\u00e9ralement je suis les projets. J\u2019y travaille depuis 2003.<\/p>\n<p><strong>Qu\u2019est-ce que \u00e7a vous apporte ?<br \/>\n<\/strong>\u00c7a me permet de rester en questionnement perp\u00e9tuel. \u00c7a m\u2019oblige \u00e0 me remettre constamment \u00e0 niveau. Et on fait aussi de la recherche. J\u2019ai mon vieux dada qui est de faire une th\u00e8se en anthropologie de l\u2019architecture\u2026 Quand je sors de l\u2019\u00e9cole, je ram\u00e8ne de nouvelles id\u00e9es, des envies. Si tu restes dans tes projets, le nez dans le guidon\u2026.c\u2019est trop scl\u00e9rosant. Les id\u00e9es, je les attrape aussi dans les bouquins, j\u2019en ai pas mal \u00e0 la maison.<\/p>\n<p><strong>Justement, un livre \u00e0 conseiller ?<br \/>\n<\/strong>\u201cFaut-il pendre les architectes ?\u201d de Philippe Tr\u00e9tiack. Tout un programme\u2026<\/p>\n<p><em>Entretien: Laurent BOUVIER<\/em><\/p>\n<p>Publi\u00e9 sur Archi.re le 03\/11\/2015[\/vc_column_text][\/vc_column][\/vc_row][vc_row][vc_column][wr_vc_section_button title=&#8221;L&#8217;article&#8221; link_url=&#8221;http:\/\/www.archi.re\/jane-coulon-fille-de-la-cite-radieuse\/&#8221; link_target=&#8221;_top&#8221; float=&#8221;float-center&#8221;][\/vc_column][\/vc_row]\n","protected":false},"excerpt":{"rendered":"<p>[vc_row][vc_column][wr_vc_section_image animate=&#8221;yes&#8221; image=&#8221;776&#8243; link_url=&#8221;http:\/\/www.archi.re\/jane-coulon-fille-de-la-cite-radieuse\/&#8221;][vc_empty_space height=&#8221;30px&#8221;][wr_vc_section_heading featyretype=&#8221;st2&#8243; title=&#8221;Jane Coulon, fille de la Cit\u00e9 Radieuse&#8221;][\/wr_vc_section_heading][vc_column_text]Jane Coulon, fille de la Cit\u00e9 Radieuse Architecte install\u00e9e \u00e0 La R\u00e9union depuis 2002, Jane Coulon se partage entre son agence \u00e0 Saint-Paul et l\u2019\u00e9cole d\u2019architecture o\u00f9 elle est ma\u00eetre assistante associ\u00e9e. Jane a la particularit\u00e9 d\u2019avoir pass\u00e9 toute son enfance dans un monument de l\u2019architecture, la Cit\u00e9&#8230;<\/p>\n","protected":false},"author":1,"featured_media":776,"comment_status":"closed","ping_status":"open","sticky":false,"template":"","format":"standard","meta":{"_monsterinsights_skip_tracking":false,"_monsterinsights_sitenote_active":false,"_monsterinsights_sitenote_note":"","_monsterinsights_sitenote_category":0,"footnotes":"","_links_to":"","_links_to_target":""},"categories":[20],"tags":[8],"class_list":["post-775","post","type-post","status-publish","format-standard","has-post-thumbnail","hentry","category-jane-coulon","tag-architecture"],"aioseo_notices":[],"_links":{"self":[{"href":"https:\/\/www.empreinte.re\/index.php\/wp-json\/wp\/v2\/posts\/775","targetHints":{"allow":["GET"]}}],"collection":[{"href":"https:\/\/www.empreinte.re\/index.php\/wp-json\/wp\/v2\/posts"}],"about":[{"href":"https:\/\/www.empreinte.re\/index.php\/wp-json\/wp\/v2\/types\/post"}],"author":[{"embeddable":true,"href":"https:\/\/www.empreinte.re\/index.php\/wp-json\/wp\/v2\/users\/1"}],"replies":[{"embeddable":true,"href":"https:\/\/www.empreinte.re\/index.php\/wp-json\/wp\/v2\/comments?post=775"}],"version-history":[{"count":4,"href":"https:\/\/www.empreinte.re\/index.php\/wp-json\/wp\/v2\/posts\/775\/revisions"}],"predecessor-version":[{"id":792,"href":"https:\/\/www.empreinte.re\/index.php\/wp-json\/wp\/v2\/posts\/775\/revisions\/792"}],"wp:featuredmedia":[{"embeddable":true,"href":"https:\/\/www.empreinte.re\/index.php\/wp-json\/wp\/v2\/media\/776"}],"wp:attachment":[{"href":"https:\/\/www.empreinte.re\/index.php\/wp-json\/wp\/v2\/media?parent=775"}],"wp:term":[{"taxonomy":"category","embeddable":true,"href":"https:\/\/www.empreinte.re\/index.php\/wp-json\/wp\/v2\/categories?post=775"},{"taxonomy":"post_tag","embeddable":true,"href":"https:\/\/www.empreinte.re\/index.php\/wp-json\/wp\/v2\/tags?post=775"}],"curies":[{"name":"wp","href":"https:\/\/api.w.org\/{rel}","templated":true}]}}