{"id":519,"date":"2022-06-16T20:21:01","date_gmt":"2022-06-16T18:21:01","guid":{"rendered":"https:\/\/www.empreinte.re\/?p=519"},"modified":"2023-06-15T06:37:50","modified_gmt":"2023-06-15T04:37:50","slug":"college-prive-levavasseur","status":"publish","type":"post","link":"https:\/\/www.empreinte.re\/index.php\/2022\/06\/16\/college-prive-levavasseur\/","title":{"rendered":"Coll\u00e8ge priv\u00e9 Levavasseur"},"content":{"rendered":"[vc_row][vc_column][wr_vc_section_image animate=&#8221;yes&#8221; image=&#8221;867&#8243; link_url=&#8221;https:\/\/www.empreinte.re\/index.php\/portfolio\/college-levavasseur\/&#8221;][vc_empty_space height=&#8221;30px&#8221;][wr_vc_section_heading featyretype=&#8221;st2&#8243; title=&#8221;Coll\u00e8ge priv\u00e9 Levavasseur&#8221;][\/wr_vc_section_heading][vc_column_text]Un besoin grandissant de nombre de places en coll\u00e8ge se faisant sentir sur la commune de Sainte-Marie, la construction d&#8217;un coll\u00e8ge de 450 \u00e9l\u00e8ves avec une possibilit\u00e9 d&#8217;\u00e9volution \u00e9tait projet\u00e9e dans la ZAC Beaus\u00e9jour. Et le projet se concr\u00e9tise, c&#8217;est ce qu&#8217;explique la municipalit\u00e9 dans le communiqu\u00e9 ci-dessous.<\/p>\n<p class=\"p1\">Le Conseil G\u00e9n\u00e9ral, propri\u00e9taire d\u2019un terrain voisin de la future cit\u00e9 administrative de la commune, a mis \u0430 disposition de l&#8217;OGEC Levavasseur, ledit terrain au travers d&#8217;un bail emphyt\u00e9otique. L\u2019OGEC a confi\u00e9 la r\u00e9alisation du coll\u00e8ge \u00e0 OCIDIM, promoteur, qui a mis en place une \u00e9quipe de conception-r\u00e9alisation form\u00e9e de Jane COULON, Architecte, du cabinet Empreinte, de SBTPC \u2013 SOGEA R\u00e9union, Entreprise G\u00e9n\u00e9rale, et des bureaux d\u2019\u00e9tudes Int\u00e9grale et SETEC International.<\/p>\n<p class=\"p1\">Gr\u00e2ce \u00e0 ce processus, le projet a pu \u00eatre con\u00e7u en quelques mois, et le Permis de Construire obtenu gr\u00e2ce \u00e0 la c\u00e9l\u00e9rit\u00e9 des services de la Mairie de Sainte-Marie.<\/p>\n<p class=\"p1\">Le coll\u00e8ge est connect\u00e9 directement sur le TCSP Avenue du Beau Pays d&#8217;un c\u00f4t\u00e9 et sur la rue Anne Mousse avec un d\u00e9pose minute dans l&#8217;enceinte du terrain fluidifiant ainsi la circulation dans cette zone.<\/p>\n<p class=\"p1\">Il se d\u00e9compose en trois secteurs\u00a0:<\/p>\n<ul class=\"ul1\">\n<li class=\"li1\">le b\u00e2timent d&#8217;enseignement proprement dit avec 12 salles de classe auxquelles s\u2019ajoute une salle d\u2019inclusion, une salle de musique, une salle d&#8217;art et trois salles de TP.<\/li>\n<li class=\"li1\">le b\u00e2timent administratif avec tous les services et salle des professeurs,<\/li>\n<li class=\"li1\">le b\u00e2timent des services\u00a0: restauration, CDI, permanence et gymnase.<\/li>\n<\/ul>\n<p class=\"p1\">La surface totale construite est de 2 970 m2 sur un terrain de plus de 10 000 m2, laissant ainsi beaucoup d&#8217;espace vert non min\u00e9ralis\u00e9.<\/p>\n<p class=\"p1\">Cet \u00e9tablissement a \u00e9t\u00e9 con\u00e7u avec, en fil conducteur, la recherche permanente pour limiter son empreinte carbone. Cette notion trouve son essence dans la ventilation naturelle des locaux et la luminosit\u00e9 int\u00e9rieur tout en se pr\u00e9servant des rayonnements directs du soleil. Ces \u00e9l\u00e9ments se retrouvent dans la description suivante.<\/p>\n<p class=\"p1\">Un jardin int\u00e9rieur arbor\u00e9 prot\u00e9g\u00e9 des aliz\u00e9s est con\u00e7u comme une place d\u2019\u00e9change et de d\u00e9contraction. Les essences d&#8217;arbres rappellent le jardin \u00e0 la cr\u00e9ole et am\u00e8nent de la fraicheur dans les salles de cours.<\/p>\n<p class=\"p1\">L&#8217;abaissement de la temp\u00e9rature dans tous les locaux est obtenu par une architecture traversante, une orientation favorisant le flux d&#8217;air tout en pr\u00e9servant les effets de bourrasque, des d\u00e9bords de toiture du c\u00f4t\u00e9 du soleil, des garde-corps faisant brise soleil et des circulations plus larges. Pour le b\u00e2timent administration, une double fa\u00e7ade en t\u00f4le perfor\u00e9e fait office de brise soleil tout en conservant suffisamment de lumi\u00e8re pour minimiser l&#8217;utilisation des \u00e9clairage d&#8217;appoint.<\/p>\n<p class=\"p1\">Le gymnase est associ\u00e9 \u00e0 un plateau sportif ext\u00e9rieur et un pr\u00e9au. Le futur coll\u00e8ge dont il a \u00e9t\u00e9 proc\u00e9d\u00e9 le mercredi 15 juin 2022 \u00e0 la pose de la premi\u00e8re pierre, accueillera ses premiers \u00e9l\u00e8ves \u00e0 la rentr\u00e9e d&#8217;ao\u00fbt 2023.<\/p>\n<ul>\n<li class=\"p1\">Maitre d\u2019Ouvrage\u00a0: OGEC LEVAVASSEUR<\/li>\n<li class=\"p1\">Promoteur\u00a0: OCIDIM<\/li>\n<li class=\"p1\">Architecte\u00a0: Jane COULON du cabinet Empreinte<\/li>\n<li class=\"p1\">Bureaux d\u2019\u00e9tudes\u00a0: Int\u00e9grale, SETEC International<\/li>\n<li class=\"p1\">Entreprise G\u00e9n\u00e9rale\u00a0: SBTPC \u2013 SOGEA R\u00e9union<\/li>\n<li class=\"p1\">Bureau de contr\u00f4le et SPS\u00a0: APAVE<\/li>\n<li class=\"p1\">Montant des Travaux\u00a0: 7,3 millions d\u2019\u20ac<\/li>\n<li class=\"p1\">Livraison pr\u00e9vue en ao\u00fbt 2023<\/li>\n<\/ul>\n<p class=\"p1\">Paru dans Clicanoo le 16\/06\/2022[\/vc_column_text][\/vc_column][\/vc_row][vc_row][vc_column][wr_vc_section_button title=&#8221;L&#8217;Article&#8221; link_url=&#8221;https:\/\/www.clicanoo.re\/article\/societe\/2022\/06\/16\/sainte-marie-le-college-prive-levavasseur-sort-de-terre-a-beausejour&#8221; float=&#8221;float-center&#8221;][\/vc_column][\/vc_row][vc_row][vc_column][vc_column_text]\n[\/vc_column_text][\/vc_column][\/vc_row]\n","protected":false},"excerpt":{"rendered":"<p>[vc_row][vc_column][wr_vc_section_image animate=&#8221;yes&#8221; image=&#8221;867&#8243; link_url=&#8221;https:\/\/www.empreinte.re\/index.php\/portfolio\/college-levavasseur\/&#8221;][vc_empty_space height=&#8221;30px&#8221;][wr_vc_section_heading featyretype=&#8221;st2&#8243; title=&#8221;Coll\u00e8ge priv\u00e9 Levavasseur&#8221;][\/wr_vc_section_heading][vc_column_text]Un besoin grandissant de nombre de places en coll\u00e8ge se faisant sentir sur la commune de Sainte-Marie, la construction d&#8217;un coll\u00e8ge de 450 \u00e9l\u00e8ves avec une possibilit\u00e9 d&#8217;\u00e9volution \u00e9tait projet\u00e9e dans la ZAC Beaus\u00e9jour. Et le projet se concr\u00e9tise, c&#8217;est ce qu&#8217;explique la municipalit\u00e9 dans le communiqu\u00e9 ci-dessous. Le Conseil G\u00e9n\u00e9ral, propri\u00e9taire&#8230;<\/p>\n","protected":false},"author":1,"featured_media":437,"comment_status":"closed","ping_status":"open","sticky":false,"template":"","format":"standard","meta":{"_monsterinsights_skip_tracking":false,"_monsterinsights_sitenote_active":false,"_monsterinsights_sitenote_note":"","_monsterinsights_sitenote_category":0,"footnotes":"","_links_to":"","_links_to_target":""},"categories":[2],"tags":[8],"class_list":["post-519","post","type-post","status-publish","format-standard","has-post-thumbnail","hentry","category-architecture","tag-architecture"],"aioseo_notices":[],"_links":{"self":[{"href":"https:\/\/www.empreinte.re\/index.php\/wp-json\/wp\/v2\/posts\/519","targetHints":{"allow":["GET"]}}],"collection":[{"href":"https:\/\/www.empreinte.re\/index.php\/wp-json\/wp\/v2\/posts"}],"about":[{"href":"https:\/\/www.empreinte.re\/index.php\/wp-json\/wp\/v2\/types\/post"}],"author":[{"embeddable":true,"href":"https:\/\/www.empreinte.re\/index.php\/wp-json\/wp\/v2\/users\/1"}],"replies":[{"embeddable":true,"href":"https:\/\/www.empreinte.re\/index.php\/wp-json\/wp\/v2\/comments?post=519"}],"version-history":[{"count":3,"href":"https:\/\/www.empreinte.re\/index.php\/wp-json\/wp\/v2\/posts\/519\/revisions"}],"predecessor-version":[{"id":871,"href":"https:\/\/www.empreinte.re\/index.php\/wp-json\/wp\/v2\/posts\/519\/revisions\/871"}],"wp:featuredmedia":[{"embeddable":true,"href":"https:\/\/www.empreinte.re\/index.php\/wp-json\/wp\/v2\/media\/437"}],"wp:attachment":[{"href":"https:\/\/www.empreinte.re\/index.php\/wp-json\/wp\/v2\/media?parent=519"}],"wp:term":[{"taxonomy":"category","embeddable":true,"href":"https:\/\/www.empreinte.re\/index.php\/wp-json\/wp\/v2\/categories?post=519"},{"taxonomy":"post_tag","embeddable":true,"href":"https:\/\/www.empreinte.re\/index.php\/wp-json\/wp\/v2\/tags?post=519"}],"curies":[{"name":"wp","href":"https:\/\/api.w.org\/{rel}","templated":true}]}}