{"id":153,"date":"2022-06-18T00:00:20","date_gmt":"2022-06-17T22:00:20","guid":{"rendered":"https:\/\/webredox.net\/demo\/wp\/bauen\/light\/multi\/demo1\/?p=153"},"modified":"2023-06-15T07:17:13","modified_gmt":"2023-06-15T05:17:13","slug":"article","status":"publish","type":"post","link":"https:\/\/www.empreinte.re\/index.php\/2022\/06\/18\/article\/","title":{"rendered":"Coll\u00e8ge priv\u00e9 Levavasseur"},"content":{"rendered":"[vc_row][vc_column][wr_vc_section_image animate=&#8221;yes&#8221; image=&#8221;868&#8243; link_url=&#8221;https:\/\/www.empreinte.re\/index.php\/portfolio\/college-levavasseur\/&#8221;][vc_empty_space height=&#8221;30px&#8221;][wr_vc_section_heading featyretype=&#8221;st2&#8243; title=&#8221;Coll\u00e8ge priv\u00e9 Levavasseur&#8221;][\/wr_vc_section_heading][vc_column_text]Depuis la rentr\u00e9e 2018, pour r\u00e9pondre au besoin des familles, l\u2019OGEC Levavasseur a ouvert des classes allant de la 6eme \u00e0 la 3eme sur le site de l\u2019IRSAM \u00e0 La Ressource \u00e0 Sainte-Marie en attendant la construction du nouveau coll\u00e8ge \u00e0 Beaus\u00e9jour (Sainte-Marie).<\/p>\n<p>Ce mercredi 15 juin 2022, ma\u00eetre d\u2019ouvrage, promoteur, concepteur, financeurs, partenaires publics se sont retrouv\u00e9s sur le site de Beausejour pour la pose de la premi\u00e8re pierre du coll\u00e8ge priv\u00e9 catholique Levavasseur.<\/p>\n<p>Accueillis par Christophe ARNOUD, le Directeur G\u00e9n\u00e9ral d\u2019OCIDIM, les partenaires ont \u00e9t\u00e9 invit\u00e9s \u00e0 prendre la parole.<br \/>\nLe Conseil D\u00e9partemental repr\u00e9sent\u00e9 par R\u00e9my LAGOURGUE, a rappel\u00e9 le bail emphyt\u00e9otique de 50 ans accord\u00e9 \u00e0 l\u2019Ogec pour l\u2019implantation du coll\u00e8ge.<\/p>\n<p>Pour James Clain, adjoint au Maire de Ste Marie, \u00ab<em>\u00a0le coll\u00e8ge Levavasseur s\u2019inscrit parfaitement dans l\u2019\u00e9coquartier de Beaus\u00e9jour et je salue le choix et les qualit\u00e9s environnementales du futur projet. Son int\u00e9gration dans ce site est dans la continuit\u00e9 du concept de ville durable que nous avons insuffl\u00e9. Sa conception bioclimatique offrira aux enfants un cadre agr\u00e9able, confortable et propice \u00e0 la r\u00e9ussite \u00e9ducative.<\/em>\u00a0\u00bb<\/p>\n<p>Pr\u00e9sent\u00e9 par Jane COULON, Architecte et Mandataire de la Ma\u00eetrise d\u2019\u0153uvre du projet, le coll\u00e8ge sera un \u00e9tablissement de 450 \u00e9l\u00e8ves qui s\u2019\u00e9talera sur 2700m2 de surface plancher. Les salles de classes seront sur 3 niveaux avec des salles sp\u00e9cialis\u00e9es pour les travaux pratiques, la musique et les arts. Entre les b\u00e2timents, \u00ab\u00a0la cour centrale\u00a0\u00bb sera le point de rencontre arbor\u00e9 des \u00e9l\u00e8ves. S\u2019ajoutera \u00e0 l\u2019ensemble studieux un r\u00e9fectoire pouvant accueillir 250 \u00e9l\u00e8ves simultan\u00e9ment et un complexe sportif comprenant un gymnase et un terrain omnisport. De grands pr\u00e9aux permettront des rassemblements \u00e9v\u00e8nementiels.<\/p>\n<p><em>\u00ab\u00a0Le coll\u00e8ge doit ouvrir \u00e0 la rentr\u00e9e d\u2019ao\u00fbt 2023 soit apr\u00e8s environ une ann\u00e9e de travaux ce qui est un challenge<\/em>\u00a0\u00bb pr\u00e9cise le promoteur.<\/p>\n<p>De son c\u00f4t\u00e9, le groupement d\u2019entreprises repr\u00e9sent\u00e9 par Edouard GAUDEMET, Directeur R\u00e9gional SBTPC SOGEA R\u00e9union, a fait savoir que le chantier g\u00e9n\u00e9rera une quarantaine d\u2019emplois au d\u00e9marrage pour atteindre une centaine au plus fort de la construction. Des emplois de proximit\u00e9 seront privil\u00e9gi\u00e9s.<\/p>\n<p>Pour Christophe PAUSE, Directeur de L\u2019Ogec Levavasseur, l\u2019objectif vis\u00e9 est \u00ab<em>\u00a0l\u2019excellence \u00e9ducative et p\u00e9dagogique. Avec nos \u00e9tablissements nous posons des bases scolaires solides pour les adultes de demain. Nous participons au c\u00f4t\u00e9 du secteur public \u00e0 la structuration de l\u2019offre du 2nd degr\u00e9 et r\u00e9pondre ainsi au besoin des familles.<\/em>\u00a0\u00bb<\/p>\n<p>Les concepteurs sont le cabinet EMPREINTE, Madame Jane COULON Architecte, le BET INTEGRALE pour la structure et les fluides et le BET SETEC pour les VRD et terrassements.<\/p>\n<p>Le co\u00fbt global des travaux s\u2019\u00e9l\u00e8ve \u00e0 7,3M\u20ac. Ils sont financ\u00e9s par l\u2019Agence Fran\u00e7aise du D\u00e9veloppement, repr\u00e9sent\u00e9e par Marie-Pierre NICOLLET, Directrice de l\u2019AFD.<\/p>\n<p>Publi\u00e9 dans l&#8217;actualit\u00e9 municipale de la commune de Sainte-Marie le 18\/06\/2022[\/vc_column_text][\/vc_column][\/vc_row][vc_row][vc_column][wr_vc_section_button title=&#8221;L&#8217;Article&#8221; link_url=&#8221;https:\/\/www.ville-saintemarie.re\/pose-de-la-premiere-pierre-du-college-prive-catholique-levavasseur\/&#8221; float=&#8221;float-center&#8221;][\/vc_column][\/vc_row]\n","protected":false},"excerpt":{"rendered":"<p>[vc_row][vc_column][wr_vc_section_image animate=&#8221;yes&#8221; image=&#8221;868&#8243; link_url=&#8221;https:\/\/www.empreinte.re\/index.php\/portfolio\/college-levavasseur\/&#8221;][vc_empty_space height=&#8221;30px&#8221;][wr_vc_section_heading featyretype=&#8221;st2&#8243; title=&#8221;Coll\u00e8ge priv\u00e9 Levavasseur&#8221;][\/wr_vc_section_heading][vc_column_text]Depuis la rentr\u00e9e 2018, pour r\u00e9pondre au besoin des familles, l\u2019OGEC Levavasseur a ouvert des classes allant de la 6eme \u00e0 la 3eme sur le site de l\u2019IRSAM \u00e0 La Ressource \u00e0 Sainte-Marie en attendant la construction du nouveau coll\u00e8ge \u00e0 Beaus\u00e9jour (Sainte-Marie). Ce mercredi 15 juin 2022, ma\u00eetre d\u2019ouvrage, promoteur, concepteur,&#8230;<\/p>\n","protected":false},"author":1,"featured_media":794,"comment_status":"closed","ping_status":"open","sticky":false,"template":"","format":"standard","meta":{"_monsterinsights_skip_tracking":false,"_monsterinsights_sitenote_active":false,"_monsterinsights_sitenote_note":"","_monsterinsights_sitenote_category":0,"footnotes":"","_links_to":"","_links_to_target":""},"categories":[2],"tags":[8],"class_list":["post-153","post","type-post","status-publish","format-standard","has-post-thumbnail","hentry","category-architecture","tag-architecture"],"aioseo_notices":[],"_links":{"self":[{"href":"https:\/\/www.empreinte.re\/index.php\/wp-json\/wp\/v2\/posts\/153","targetHints":{"allow":["GET"]}}],"collection":[{"href":"https:\/\/www.empreinte.re\/index.php\/wp-json\/wp\/v2\/posts"}],"about":[{"href":"https:\/\/www.empreinte.re\/index.php\/wp-json\/wp\/v2\/types\/post"}],"author":[{"embeddable":true,"href":"https:\/\/www.empreinte.re\/index.php\/wp-json\/wp\/v2\/users\/1"}],"replies":[{"embeddable":true,"href":"https:\/\/www.empreinte.re\/index.php\/wp-json\/wp\/v2\/comments?post=153"}],"version-history":[{"count":16,"href":"https:\/\/www.empreinte.re\/index.php\/wp-json\/wp\/v2\/posts\/153\/revisions"}],"predecessor-version":[{"id":434,"href":"https:\/\/www.empreinte.re\/index.php\/wp-json\/wp\/v2\/posts\/153\/revisions\/434"}],"wp:featuredmedia":[{"embeddable":true,"href":"https:\/\/www.empreinte.re\/index.php\/wp-json\/wp\/v2\/media\/794"}],"wp:attachment":[{"href":"https:\/\/www.empreinte.re\/index.php\/wp-json\/wp\/v2\/media?parent=153"}],"wp:term":[{"taxonomy":"category","embeddable":true,"href":"https:\/\/www.empreinte.re\/index.php\/wp-json\/wp\/v2\/categories?post=153"},{"taxonomy":"post_tag","embeddable":true,"href":"https:\/\/www.empreinte.re\/index.php\/wp-json\/wp\/v2\/tags?post=153"}],"curies":[{"name":"wp","href":"https:\/\/api.w.org\/{rel}","templated":true}]}}