{"id":1052,"date":"2023-10-20T10:08:41","date_gmt":"2023-10-20T08:08:41","guid":{"rendered":"https:\/\/www.empreinte.re\/?p=1052"},"modified":"2023-10-20T10:44:53","modified_gmt":"2023-10-20T08:44:53","slug":"larchitecture-de-notre-region","status":"publish","type":"post","link":"https:\/\/www.empreinte.re\/index.php\/2023\/10\/20\/larchitecture-de-notre-region\/","title":{"rendered":"L&#8217;architecture de notre r\u00e9gion"},"content":{"rendered":"[vc_row][vc_column][wr_vc_section_image animate=&#8221;yes&#8221; image=&#8221;1054&#8243; link_url=&#8221;https:\/\/www.empreinte.re\/index.php\/portfolio\/college-levavasseur\/&#8221;][vc_empty_space height=&#8221;30px&#8221;][wr_vc_section_heading featyretype=&#8221;st2&#8243; title=&#8221;L&#8217;architecture de votre r\u00e9gion &#8211; 2023&#8243;][\/wr_vc_section_heading][vc_column_text]Depuis 1990, la revue &#8220;L&#8217;Architecture de votre r\u00e9gion&#8221; propose un panorama d\u00e9taill\u00e9 de l&#8217;architecture d&#8217;une r\u00e9gion, d&#8217;un territoire ou d&#8217;un pays.[\/vc_column_text][\/vc_column][\/vc_row][vc_row][vc_column][wr_vc_section_gallery image=&#8221;1067&#8243;][wr_vc_section_gallery image=&#8221;1070&#8243;][wr_vc_section_gallery image=&#8221;1072&#8243;][wr_vc_section_gallery image=&#8221;1074&#8243;][wr_vc_section_gallery image=&#8221;1073&#8243;][\/vc_column][\/vc_row]\n","protected":false},"excerpt":{"rendered":"<p>[vc_row][vc_column][wr_vc_section_image animate=&#8221;yes&#8221; image=&#8221;1054&#8243; link_url=&#8221;https:\/\/www.empreinte.re\/index.php\/portfolio\/college-levavasseur\/&#8221;][vc_empty_space height=&#8221;30px&#8221;][wr_vc_section_heading featyretype=&#8221;st2&#8243; title=&#8221;L&#8217;architecture de votre r\u00e9gion &#8211; 2023&#8243;][\/wr_vc_section_heading][vc_column_text]Depuis 1990, la revue &#8220;L&#8217;Architecture de votre r\u00e9gion&#8221; propose un panorama d\u00e9taill\u00e9 de l&#8217;architecture d&#8217;une r\u00e9gion, d&#8217;un territoire ou d&#8217;un pays.[\/vc_column_text][\/vc_column][\/vc_row][vc_row][vc_column][wr_vc_section_gallery image=&#8221;1067&#8243;][wr_vc_section_gallery image=&#8221;1070&#8243;][wr_vc_section_gallery image=&#8221;1072&#8243;][wr_vc_section_gallery image=&#8221;1074&#8243;][wr_vc_section_gallery image=&#8221;1073&#8243;][\/vc_column][\/vc_row]<\/p>\n","protected":false},"author":1,"featured_media":1069,"comment_status":"closed","ping_status":"open","sticky":false,"template":"","format":"standard","meta":{"_monsterinsights_skip_tracking":false,"_monsterinsights_sitenote_active":false,"_monsterinsights_sitenote_note":"","_monsterinsights_sitenote_category":0,"footnotes":"","_links_to":"","_links_to_target":""},"categories":[2],"tags":[8],"class_list":["post-1052","post","type-post","status-publish","format-standard","has-post-thumbnail","hentry","category-architecture","tag-architecture"],"aioseo_notices":[],"_links":{"self":[{"href":"https:\/\/www.empreinte.re\/index.php\/wp-json\/wp\/v2\/posts\/1052","targetHints":{"allow":["GET"]}}],"collection":[{"href":"https:\/\/www.empreinte.re\/index.php\/wp-json\/wp\/v2\/posts"}],"about":[{"href":"https:\/\/www.empreinte.re\/index.php\/wp-json\/wp\/v2\/types\/post"}],"author":[{"embeddable":true,"href":"https:\/\/www.empreinte.re\/index.php\/wp-json\/wp\/v2\/users\/1"}],"replies":[{"embeddable":true,"href":"https:\/\/www.empreinte.re\/index.php\/wp-json\/wp\/v2\/comments?post=1052"}],"version-history":[{"count":5,"href":"https:\/\/www.empreinte.re\/index.php\/wp-json\/wp\/v2\/posts\/1052\/revisions"}],"predecessor-version":[{"id":1075,"href":"https:\/\/www.empreinte.re\/index.php\/wp-json\/wp\/v2\/posts\/1052\/revisions\/1075"}],"wp:featuredmedia":[{"embeddable":true,"href":"https:\/\/www.empreinte.re\/index.php\/wp-json\/wp\/v2\/media\/1069"}],"wp:attachment":[{"href":"https:\/\/www.empreinte.re\/index.php\/wp-json\/wp\/v2\/media?parent=1052"}],"wp:term":[{"taxonomy":"category","embeddable":true,"href":"https:\/\/www.empreinte.re\/index.php\/wp-json\/wp\/v2\/categories?post=1052"},{"taxonomy":"post_tag","embeddable":true,"href":"https:\/\/www.empreinte.re\/index.php\/wp-json\/wp\/v2\/tags?post=1052"}],"curies":[{"name":"wp","href":"https:\/\/api.w.org\/{rel}","templated":true}]}}